{"id":756,"date":"2026-03-06T11:42:44","date_gmt":"2026-03-06T10:42:44","guid":{"rendered":"https:\/\/alimcoaching.fr\/?p=756"},"modified":"2026-04-02T15:09:38","modified_gmt":"2026-04-02T13:09:38","slug":"cuisiner-de-saison-en-mars-trouver-lequilibre-entre-lhiver-et-le-printemps","status":"publish","type":"post","link":"https:\/\/alimcoaching.fr\/index.php\/2026\/03\/06\/cuisiner-de-saison-en-mars-trouver-lequilibre-entre-lhiver-et-le-printemps\/","title":{"rendered":"Cuisiner de saison en mars : trouver l\u2019\u00e9quilibre entre l\u2019hiver et le printemps"},"content":{"rendered":"\n<figure class=\"wp-block-image aligncenter size-large\"><img loading=\"lazy\" decoding=\"async\" width=\"576\" height=\"1024\" src=\"https:\/\/alimcoaching.fr\/wp-content\/uploads\/2026\/03\/Montage-maki-article-mars-576x1024.jpeg\" alt=\"\" class=\"wp-image-773\" srcset=\"https:\/\/alimcoaching.fr\/wp-content\/uploads\/2026\/03\/Montage-maki-article-mars-576x1024.jpeg 576w, https:\/\/alimcoaching.fr\/wp-content\/uploads\/2026\/03\/Montage-maki-article-mars-169x300.jpeg 169w, https:\/\/alimcoaching.fr\/wp-content\/uploads\/2026\/03\/Montage-maki-article-mars-768x1365.jpeg 768w, https:\/\/alimcoaching.fr\/wp-content\/uploads\/2026\/03\/Montage-maki-article-mars-864x1536.jpeg 864w, https:\/\/alimcoaching.fr\/wp-content\/uploads\/2026\/03\/Montage-maki-article-mars.jpeg 1152w\" sizes=\"auto, (max-width: 576px) 100vw, 576px\" \/><\/figure>\n\n\n\n<p>Cuisiner de saison en mars, c\u2019est accepter une p\u00e9riode de transition. L\u2019hiver n\u2019est pas encore tout \u00e0 fait derri\u00e8re nous, mais les premiers signaux du printemps apparaissent doucement dans les \u00e9tals. Cette p\u00e9riode charni\u00e8re est id\u00e9ale pour ajuster son alimentation sans rupture brutale, en combinant les l\u00e9gumes d\u2019hiver encore disponibles avec les premiers produits printaniers locaux.<\/p>\n\n\n\n<p>Chez ALim Coaching, j\u2019accompagne mes clients dans une approche di\u00e9t\u00e9tique r\u00e9aliste et adapt\u00e9e \u00e0 chacun : manger de saison, oui, mais en respectant le rythme du corps, le quotidien et le plaisir de cuisiner.<\/p>\n\n\n\n<h2 class=\"wp-block-heading\"><strong>Mars : un mois de transition alimentaire \u00e0 respecter<\/strong><\/h2>\n\n\n\n<p>En mars, les temp\u00e9ratures restent fra\u00eeches et l\u2019organisme a encore besoin de repas chauds, rassasiants et riches en fibres. En parall\u00e8le, l\u2019allongement des journ\u00e9es donne souvent envie de plus de fra\u00eecheur et de l\u00e9g\u00e8ret\u00e9 dans l\u2019assiette.<\/p>\n\n\n\n<p>Plut\u00f4t que d\u2019opposer hiver et printemps, l\u2019id\u00e9e est de les faire cohabiter dans l\u2019assiette. En mars, on profite encore pleinement des l\u00e9gumes d\u2019hiver bien conserv\u00e9s comme les choux, poireaux, panais ou carottes, tout en int\u00e9grant progressivement des l\u00e9gumes verts comme les \u00e9pinards ou le cresson. Cette continuit\u00e9 permet d\u2019\u00e9viter les frustrations et soutient un <a href=\"https:\/\/alimcoaching.fr\/index.php\/2026\/01\/14\/reequilibrage-alimentaire-comment-construire-des-habitudes-qui-durent-vraiment\/\">r\u00e9\u00e9quilibrage alimentaire durable<\/a>. <a href=\"https:\/\/alimcoaching.fr\/index.php\/2025\/10\/07\/cuisiner-de-saison-un-geste-simple-pour-la-sante-le-budget-et-la-planete\/\">Cuisiner de saison<\/a> avec des produits locaux entre hiver et printemps permet de soutenir les fili\u00e8res locales, de ma\u00eetriser son budget alimentaire et de rester coh\u00e9rent avec une d\u00e9marche respectueuse de la plan\u00e8te.<\/p>\n\n\n\n<h2 class=\"wp-block-heading\"><strong>Quels aliments de saison privil\u00e9gier en mars ?<\/strong><\/h2>\n\n\n\n<p>Pour identifier facilement les produits de saison, le <a href=\"https:\/\/www.mangerbouger.fr\/manger-mieux\/bien-manger-sans-se-ruiner\/calendrier-de-saison\/les-fruits-et-legumes-de-mars\" target=\"_blank\" rel=\"noreferrer noopener\">calendrier officiel<\/a> propos\u00e9 par <strong>Sant\u00e9 publique France<\/strong>, disponible sur le site Manger Bouger, est une ressource fiable et pratique.<\/p>\n\n\n\n<p>En mars, on peut notamment int\u00e9grer les fruits et l\u00e9gumes suivants :<\/p>\n\n\n\n<p><strong>L\u00e9gumes de saison<\/strong> : carotte, chou, cresson, \u00e9pinards, panais, poireau<br><strong>Fruits de saison<\/strong> : pomme, poire, kiwi, citron<\/p>\n\n\n\n<h2 class=\"wp-block-heading\"><strong>Menu de saison : une journ\u00e9e type en mars<\/strong><\/h2>\n\n\n\n<p>Voici un exemple de repas \u00e9quilibr\u00e9s pour une journ\u00e9e de mars.<\/p>\n\n\n\n<h3 class=\"wp-block-heading\"><strong>Petit-d\u00e9jeuner<\/strong><\/h3>\n\n\n\n<p>Pain complet avec fromage frais<br>Kiwi<br>Th\u00e9 ou caf\u00e9<\/p>\n\n\n\n<h3 class=\"wp-block-heading\"><strong>D\u00e9jeuner<\/strong><\/h3>\n\n\n\n<p>Salade de chou rouge<br>Maki maison (riz, saumon, avocat, chou rouge, graines germ\u00e9es)<br>Pomme<\/p>\n\n\n\n<h2 class=\"wp-block-heading\"><strong>D\u00eener<\/strong><\/h2>\n\n\n\n<p>Quiche aux poireaux<br>Salade d\u2019endives<br>Yaourt ou alternative v\u00e9g\u00e9tale<\/p>\n\n\n\n<p>Vous pouvez retrouver diff\u00e9rentes <a href=\"https:\/\/www.mangerbouger.fr\/manger-mieux\/la-fabrique-a-menus\/recettes?diet=ALL&amp;page=1&amp;query=quiche%20poireaux\" target=\"_blank\" rel=\"noreferrer noopener\">recettes de quiche aux poireaux<\/a> sur le site de Manger bouger de Sant\u00e9 Publique France.&nbsp;<\/p>\n\n\n\n<h2 class=\"wp-block-heading\"><strong>Pourquoi se faire accompagner pour cuisiner de saison ?<\/strong><\/h2>\n\n\n\n<p>Changer ses habitudes alimentaires ne repose pas uniquement sur des listes d\u2019aliments ou des recettes. <strong>Di\u00e9t\u00e9ticienne, titulaire d\u2019une th\u00e8se en comportement alimentaire et d\u2019un CAP cuisine<\/strong>, je suis form\u00e9e \u00e0 la cuisine sant\u00e9 et v\u00e9g\u00e9tarienne. Ces diff\u00e9rentes expertises me permettent de proposer un accompagnement personnalis\u00e9 pour structurer les repas sans rigidit\u00e9, se remettre aux fourneaux sans y passer des heures et allier \u00e9quilibre nutritionnel, plaisir, budget et respect de l\u2019environnement.<\/p>\n\n\n\n<p>Mon approche repose sur les recommandations officielles, les donn\u00e9es scientifiques r\u00e9centes en nutrition et comportement alimentaire, avec une conviction forte : chaque petit pas compte dans la construction d\u2019habitudes durables.<\/p>\n\n\n\n<h2 class=\"wp-block-heading\"><strong>Envie d\u2019aller plus loin avec ALim Coaching ?<\/strong><\/h2>\n\n\n\n<p>Vous souhaitez r\u00e9\u00e9quilibrer votre alimentation, retrouver le plaisir de cuisiner et avancer sans pression ? Je vous invite \u00e0 remplir le <a href=\"https:\/\/alimcoaching.fr\/index.php\/contact\/\">formulaire de contact<\/a> en ligne sur le site <strong>ALim Coaching<\/strong> en pr\u00e9cisant votre besoin d\u2019accompagnement.<\/p>\n\n\n\n<p>J\u2019accompagne les particuliers en Bretagne, notamment sur la C\u00f4te d\u2019\u00c9meraude (Dinard, Saint-Lunaire\u2026), et \u00e0 distance partout en France.<\/p>\n\n\n\n<p>Cuisiner de saison en mars, c\u2019est avancer en douceur vers le printemps, avec des choix simples, locaux et adapt\u00e9s \u00e0 votre r\u00e9alit\u00e9 quotidienne.<\/p>\n\n\n\n<p><\/p>\n","protected":false},"excerpt":{"rendered":"<p>Cuisiner de saison en mars, c\u2019est accepter une p\u00e9riode de transition. L\u2019hiver n\u2019est pas encore tout \u00e0 fait derri\u00e8re nous, mais les premiers signaux du printemps apparaissent doucement dans les \u00e9tals. Cette p\u00e9riode charni\u00e8re est id\u00e9ale pour ajuster son alimentation sans rupture brutale, en combinant les l\u00e9gumes d\u2019hiver encore disponibles avec les premiers produits printaniers [&hellip;]<\/p>\n","protected":false},"author":1,"featured_media":0,"comment_status":"closed","ping_status":"","sticky":false,"template":"","format":"standard","meta":{"footnotes":""},"categories":[1],"tags":[],"class_list":["post-756","post","type-post","status-publish","format-standard","hentry","category-non-classe"],"_links":{"self":[{"href":"https:\/\/alimcoaching.fr\/index.php\/wp-json\/wp\/v2\/posts\/756","targetHints":{"allow":["GET"]}}],"collection":[{"href":"https:\/\/alimcoaching.fr\/index.php\/wp-json\/wp\/v2\/posts"}],"about":[{"href":"https:\/\/alimcoaching.fr\/index.php\/wp-json\/wp\/v2\/types\/post"}],"author":[{"embeddable":true,"href":"https:\/\/alimcoaching.fr\/index.php\/wp-json\/wp\/v2\/users\/1"}],"replies":[{"embeddable":true,"href":"https:\/\/alimcoaching.fr\/index.php\/wp-json\/wp\/v2\/comments?post=756"}],"version-history":[{"count":3,"href":"https:\/\/alimcoaching.fr\/index.php\/wp-json\/wp\/v2\/posts\/756\/revisions"}],"predecessor-version":[{"id":775,"href":"https:\/\/alimcoaching.fr\/index.php\/wp-json\/wp\/v2\/posts\/756\/revisions\/775"}],"wp:attachment":[{"href":"https:\/\/alimcoaching.fr\/index.php\/wp-json\/wp\/v2\/media?parent=756"}],"wp:term":[{"taxonomy":"category","embeddable":true,"href":"https:\/\/alimcoaching.fr\/index.php\/wp-json\/wp\/v2\/categories?post=756"},{"taxonomy":"post_tag","embeddable":true,"href":"https:\/\/alimcoaching.fr\/index.php\/wp-json\/wp\/v2\/tags?post=756"}],"curies":[{"name":"wp","href":"https:\/\/api.w.org\/{rel}","templated":true}]}}